{"id":12008,"date":"2026-08-25T15:02:14","date_gmt":"2026-08-25T18:02:14","guid":{"rendered":"https:\/\/blog.brightcities.city\/?p=12008"},"modified":"2026-08-25T15:02:16","modified_gmt":"2026-08-25T18:02:16","slug":"marco-legal-do-transporte-publico-coletivo-a-nova-base-juridica-para-a-modernizacao","status":"publish","type":"post","link":"https:\/\/blog.brightcities.city\/pt-br\/marco-legal-do-transporte-publico-coletivo-a-nova-base-juridica-para-a-modernizacao\/","title":{"rendered":"Marco Legal do Transporte P\u00fablico Coletivo: a nova base jur\u00eddica para a moderniza\u00e7\u00e3o"},"content":{"rendered":"\n<figure class=\"wp-block-image size-full\"><img data-recalc-dims=\"1\" fetchpriority=\"high\" decoding=\"async\" width=\"805\" height=\"596\" src=\"https:\/\/i0.wp.com\/blog.brightcities.city\/wp-content\/uploads\/2026\/08\/Captura-de-Tela-298.png?resize=805%2C596&#038;ssl=1\" alt=\"\" class=\"wp-image-12013\" srcset=\"https:\/\/i0.wp.com\/blog.brightcities.city\/wp-content\/uploads\/2026\/08\/Captura-de-Tela-298.png?w=805&amp;ssl=1 805w, https:\/\/i0.wp.com\/blog.brightcities.city\/wp-content\/uploads\/2026\/08\/Captura-de-Tela-298.png?resize=640%2C474&amp;ssl=1 640w, https:\/\/i0.wp.com\/blog.brightcities.city\/wp-content\/uploads\/2026\/08\/Captura-de-Tela-298.png?resize=768%2C569&amp;ssl=1 768w\" sizes=\"(max-width: 805px) 100vw, 805px\" \/><\/figure>\n\n\n\n<p class=\"wp-block-paragraph\"><\/p>\n\n\n\n<p class=\"wp-block-paragraph\">A san\u00e7\u00e3o da <a href=\"https:\/\/www.planalto.gov.br\/ccivil_03\/_ato2023-2026\/2026\/lei\/l15432.htm\">Lei Federal n\u00ba 15.432\/2026<\/a>, que institui o <strong>Marco Legal do Transporte P\u00fablico Coletivo Urbano<\/strong>, representa um divisor de \u00e1guas na forma como os munic\u00edpios brasileiros planejam, financiam e regulam a mobilidade urbana.<\/p>\n\n\n\n<p class=\"wp-block-paragraph\">Pela primeira vez, o setor passa a contar com <strong>regras claras e estabilidade jur\u00eddica<\/strong> para atrair investimentos privados, al\u00e9m de diretrizes nacionais para o financiamento compartilhado entre Uni\u00e3o, estados e munic\u00edpios. A nova legisla\u00e7\u00e3o tamb\u00e9m cria condi\u00e7\u00f5es mais favor\u00e1veis para acelerar a <strong>transi\u00e7\u00e3o energ\u00e9tica<\/strong> das frotas, com reflexo direto na eletrifica\u00e7\u00e3o do transporte coletivo urbano.<\/p>\n\n\n\n<p class=\"wp-block-paragraph\">Vale destacar: a lei entra em vigor um ano ap\u00f3s sua publica\u00e7\u00e3o. Esse intervalo n\u00e3o deve ser lido como um adiamento, mas como uma janela estrat\u00e9gica de planejamento \u2014 o tempo que separa o simples &#8220;cumprir a lei&#8221; da constru\u00e7\u00e3o de um <strong>legado de gest\u00e3o eficiente<\/strong>.<\/p>\n\n\n\n<p class=\"wp-block-paragraph\"><\/p>\n\n\n\n<p class=\"has-medium-font-size wp-block-paragraph\"><strong>O que \u00e9 marco legal?<\/strong><\/p>\n\n\n\n<p class=\"wp-block-paragraph\">Um marco legal \u00e9 um conjunto de leis, decretos e normas federais que estabelece as regras do jogo para um setor espec\u00edfico da sociedade ou da economia. Na pr\u00e1tica, ele moderniza diretrizes antigas para dar seguran\u00e7a jur\u00eddica, atrair investimentos privados e padronizar o funcionamento deste setor em n\u00edvel nacional.&nbsp;<\/p>\n\n\n\n<p class=\"wp-block-paragraph\"><strong>Qual \u00e9 o marco legal do transporte p\u00fablico urbano?<\/strong><\/p>\n\n\n\n<p class=\"wp-block-paragraph\">O novo marco funciona como uma espinha dorsal regulat\u00f3ria: define responsabilidades claras entre Uni\u00e3o, estados e munic\u00edpios, estabelece crit\u00e9rios modernos de financiamento e contrata\u00e7\u00e3o, e exige metas de qualidade e transpar\u00eancia \u2014 transformando uma gest\u00e3o baseada em exig\u00eancias burocr\u00e1ticas pontuais em uma pol\u00edtica de Estado sustent\u00e1vel e de longo prazo.<\/p>\n\n\n\n<ul class=\"wp-block-list\">\n<li><strong>Nome oficial:<\/strong> Marco Legal do Transporte P\u00fablico Coletivo Urbano<\/li>\n\n\n\n<li><strong>N\u00famero da Lei:<\/strong> <strong>Lei Federal n\u00ba 15.432\/2026<br><\/strong><\/li>\n<\/ul>\n\n\n\n<p class=\"wp-block-paragraph\">O <strong>Marco Legal do Transporte P\u00fablico Coletivo Urbano<\/strong> estabelece uma nova base jur\u00eddica para reorganizar, modernizar e financiar o transporte p\u00fablico nas cidades brasileiras. Entre seus principais pilares est\u00e3o:<\/p>\n\n\n\n<ol class=\"wp-block-list\">\n<li><strong>Financiamento Compartilhado e Subven\u00e7\u00f5es:<\/strong> Institui diretrizes para o financiamento conjunto entre Uni\u00e3o, estados e munic\u00edpios. Permite novos modelos de subs\u00eddios (como o subs\u00eddio cruzado entre rotas superavit\u00e1rias e deficit\u00e1rias) e a separa\u00e7\u00e3o entre a receita cobrada na tarifa e a remunera\u00e7\u00e3o paga \u00e0s empresas.<\/li>\n\n\n\n<li><strong>Remunera\u00e7\u00e3o por Desempenho:<\/strong> As concession\u00e1rias passam a ser pagas com base em metas de qualidade, efici\u00eancia e desempenho do servi\u00e7o prestado, reduzindo a inseguran\u00e7a jur\u00eddica nos contratos.<\/li>\n\n\n\n<li><strong>Sustentabilidade e Transi\u00e7\u00e3o Energ\u00e9tica:<\/strong> Facilita e incentiva a renova\u00e7\u00e3o da frota com foco na eletrifica\u00e7\u00e3o e descarboniza\u00e7\u00e3o dos ve\u00edculos.<\/li>\n\n\n\n<li><strong>Transpar\u00eancia e Gest\u00e3o de Dados:<\/strong> Exige maior controle e digitaliza\u00e7\u00e3o operacional por meio do <strong>Simu (Sistema Nacional de Informa\u00e7\u00f5es em Mobilidade Urbana)<\/strong>, prevendo tecnologias como telemetria em tempo real, bilhetagem transparente e conectividade a bordo.<\/li>\n<\/ol>\n\n\n\n<p class=\"wp-block-paragraph\"><\/p>\n\n\n\n<p class=\"has-medium-font-size wp-block-paragraph\"><strong>Um novo ecossistema de dados para atender ao marco regulat\u00f3rio<\/strong><\/p>\n\n\n\n<p class=\"wp-block-paragraph\">Para plataformas como a Bright Cities \u2014 refer\u00eancia em <strong>diagn\u00f3stico urbano<\/strong> e assessoria para certifica\u00e7\u00f5es internacionais como as normas ISO\/ABNT \u2014 o Marco Legal n\u00e3o \u00e9 apenas uma mudan\u00e7a regulat\u00f3ria. \u00c9 um gatilho que impacta diretamente o <strong>ecossistema de dados<\/strong> das prefeituras brasileiras, com reflexos em pelo menos tr\u00eas pilares de indicadores.<\/p>\n\n\n\n<p class=\"wp-block-paragraph\"><\/p>\n\n\n\n<p class=\"has-medium-font-size wp-block-paragraph\"><strong>Pilar 1: Mobilidade Sustent\u00e1vel e Meio Ambiente (<\/strong><a href=\"https:\/\/blog.brightcities.city\/ranking-bright-cities-2\/\"><strong>ISO 37120<\/strong><\/a> <strong>e<\/strong> <a href=\"https:\/\/www.iso.org\/standard\/85198.html\"><strong>ISO 37125<\/strong><\/a><strong>)<\/strong><\/p>\n\n\n\n<p class=\"wp-block-paragraph\">O novo modelo de financiamento \u2014 que combina receitas complementares, subs\u00eddios cruzados entre servi\u00e7os superavit\u00e1rios e deficit\u00e1rios e recursos or\u00e7ament\u00e1rios dos entes federativos \u2014 cria condi\u00e7\u00f5es mais favor\u00e1veis para a <strong>eletrifica\u00e7\u00e3o da frota<\/strong>. Essa transi\u00e7\u00e3o impacta diretamente os \u00edndices de pegada de carbono e emiss\u00f5es de gases de efeito estufa monitorados pelas normas <a href=\"https:\/\/blog.brightcities.city\/ranking-bright-cities-2\/\"><strong>ISO 37120<\/strong><\/a> <strong>e<\/strong> <a href=\"https:\/\/www.iso.org\/standard\/85198.html\"><strong>ISO 37125<\/strong><\/a>.&nbsp;<\/p>\n\n\n\n<p class=\"wp-block-paragraph\">Os mecanismos de <strong>subs\u00eddio tarif\u00e1rio<\/strong> previstos na lei tamb\u00e9m tendem a reverter a queda hist\u00f3rica no n\u00famero de passageiros do transporte coletivo, fortalecendo a rela\u00e7\u00e3o entre transporte p\u00fablico e transporte individual \u2014 um dos indicadores centrais de mobilidade sustent\u00e1vel avaliados pela <a href=\"https:\/\/blog.brightcities.city\/ranking-bright-cities-2\/\">ISO 37120<\/a> e complementados pelos 133 indicadores ambientais, sociais e de governan\u00e7a da <a href=\"https:\/\/www.iso.org\/standard\/85198.html\">ISO 37125<\/a>.<\/p>\n\n\n\n<h2 class=\"wp-block-heading has-medium-font-size\"><strong>Pilar 2: Coleta de Dados e Cidades Inteligentes (<\/strong><a href=\"https:\/\/www.iso.org\/standard\/69050.html\"><strong>ISO 37122<\/strong><\/a><strong>)<\/strong><\/h2>\n\n\n\n<p class=\"wp-block-paragraph\">Um dos pontos mais estrat\u00e9gicos do novo marco \u00e9 a cria\u00e7\u00e3o de mecanismos nacionais de informa\u00e7\u00e3o em mobilidade urbana \u2014 como o <a href=\"https:\/\/simu.cidades.gov.br\/\">Sistema Nacional de Informa\u00e7\u00f5es em Mobilidade Urbana (Simu)<\/a>, que passam a exigir maior <strong>controle de dados contratuais<\/strong> e operacionais das concession\u00e1rias.<\/p>\n\n\n\n<p class=\"wp-block-paragraph\">Na pr\u00e1tica, isso significa mais digitaliza\u00e7\u00e3o: bilhetagem transparente, telemetria de frotas em tempo real e conectividade nos ve\u00edculos (Wi-Fi e roteamento inteligente). Para os munic\u00edpios, esse movimento aumenta a gest\u00e3o t\u00e9cnica baseada em dados verific\u00e1veis, fazendo com que o munic\u00edpio avalie constantemente seu desempenho como cidade inteligente.<\/p>\n\n\n\n<h2 class=\"wp-block-heading has-medium-font-size\"><strong>Pilar 3: Governan\u00e7a, Finan\u00e7as e Regula\u00e7\u00e3o Urbana (<\/strong><a href=\"https:\/\/www.iso.org\/standard\/70428.html\"><strong>ISO 37120<\/strong><\/a><strong>\/<\/strong><a href=\"https:\/\/www.iso.org\/standard\/70428.html\"><strong>37123<\/strong><\/a> <strong>e<\/strong> <a href=\"https:\/\/www.greenme.com.br\/informarse\/green-economy\/102360-o-que-e-esg-pilares-objetivos-exemplos\/\"><strong>pilares ESG<\/strong><\/a><strong>)<\/strong><\/h2>\n\n\n\n<p class=\"wp-block-paragraph\">A separa\u00e7\u00e3o entre a remunera\u00e7\u00e3o das operadoras e a arrecada\u00e7\u00e3o das tarifas \u2014 agora vinculada a metas de desempenho e qualidade dos servi\u00e7os, aliada a regras mais claras de reparti\u00e7\u00e3o de custos entre os entes federativos, reduz um dos principais riscos da gest\u00e3o p\u00fablica municipal: a <strong>inseguran\u00e7a jur\u00eddica contratual<\/strong>.<\/p>\n\n\n\n<p class=\"wp-block-paragraph\">Esse ganho de previsibilidade fortalece diretamente os indicadores de planejamento urbano, finan\u00e7as p\u00fablicas e resili\u00eancia avaliados pelas normas <a href=\"https:\/\/www.iso.org\/standard\/68498.html\">ISO 37120<\/a> e <a href=\"https:\/\/www.iso.org\/standard\/70428.html\">37123<\/a>, refor\u00e7ando o compromisso dos munic\u00edpios com pr\u00e1ticas de <strong>governan\u00e7a de longo prazo<\/strong> alinhadas aos <a href=\"https:\/\/www.greenme.com.br\/informarse\/green-economy\/102360-o-que-e-esg-pilares-objetivos-exemplos\/\">pilares ESG<\/a>.<\/p>\n\n\n\n<h2 class=\"wp-block-heading has-medium-font-size\"><strong>Uma oportunidade al\u00e9m do cumprimento legal<\/strong><\/h2>\n\n\n\n<p class=\"wp-block-paragraph\">Adequar-se ao novo Marco Legal do Transporte P\u00fablico Coletivo n\u00e3o deveria ser tratado apenas como uma obriga\u00e7\u00e3o regulat\u00f3ria. \u00c9 uma oportunidade concreta de moderniza\u00e7\u00e3o da gest\u00e3o p\u00fablica \u2014 uma <strong>pol\u00edtica de Estado<\/strong> capaz de gerar resultados independentemente de ciclos eleitorais ou trocas de governo.<\/p>\n\n\n\n<p class=\"wp-block-paragraph\">A <a href=\"https:\/\/www.brightcities.city\/\">Bright Cities<\/a> acompanha de perto esses avan\u00e7os regulat\u00f3rios para apoiar prefeituras na tradu\u00e7\u00e3o da lei em resultados pr\u00e1ticos. Nosso <strong>m\u00f3dulo de Diagn\u00f3stico<\/strong> e o <strong>Banco de Solu\u00e7\u00f5es<\/strong> da plataforma ajudam gestores p\u00fablicos a identificar oportunidades de capta\u00e7\u00e3o de recursos e a estruturar a renova\u00e7\u00e3o de frota em total alinhamento com os padr\u00f5es internacionais ISO.<\/p>\n\n\n\n<p class=\"wp-block-paragraph\"><strong>Para se aprofundar no tema:<\/strong> Entender os impactos pr\u00e1ticos do Marco Legal do Transporte P\u00fablico Coletivo pode ser um desafio. Para ajudar os gestores municipais, separamos uma an\u00e1lise em v\u00eddeo detalhando essas mudan\u00e7as e as oportunidades para o seu munic\u00edpio:&nbsp;<\/p>\n\n\n\n<p class=\"wp-block-paragraph\">Para conferir na \u00edntegra o texto da legisla\u00e7\u00e3o e acompanhar suas diretrizes de implementa\u00e7\u00e3o, voc\u00ea pode acessar a publica\u00e7\u00e3o oficial da <a href=\"https:\/\/www.planalto.gov.br\/ccivil_03\/_ato2023-2026\/2026\/lei\/l15432.htm\"><strong>Lei Federal n\u00ba 15.432\/2026 no Portal da Presid\u00eancia da Rep\u00fablica (Planalto)<\/strong><\/a>[cite: 1]. Al\u00e9m disso, a consulta do hist\u00f3rico normativo e das especifica\u00e7\u00f5es do ato da legisla\u00e7\u00e3o est\u00e1 dispon\u00edvel na <a href=\"https:\/\/legislacao.presidencia.gov.br\/atos?tipo=LEI&amp;numero=15432&amp;ano=2026&amp;data=13\/06\/2026&amp;ato=ac3cXR650djpWT2e1\"><strong>Base de Legisla\u00e7\u00e3o do Governo Federal<\/strong><\/a>, assim como no <a href=\"https:\/\/www.gov.br\/cidades\/pt-br\"><strong>Portal do Minist\u00e9rio das Cidades<\/strong><\/a>, \u00f3rg\u00e3o respons\u00e1vel pela articula\u00e7\u00e3o da Pol\u00edtica Nacional de Mobilidade Urbana.<\/p>\n\n\n\n<p class=\"wp-block-paragraph\"><a href=\"https:\/\/www.youtube.com\/watch?v=gRQmfXm89vo\">Marco regulat\u00f3rio pode acelerar mobilidade el\u00e9trica no Brasil &#8211; YouTube<\/a>&nbsp;<\/p>\n\n\n\n<p class=\"wp-block-paragraph\">Quer entender como sua cidade pode se preparar para essas mudan\u00e7as? <a href=\"https:\/\/www.brightcities.city\/\">Conhe\u00e7a a plataforma Bright Cities<\/a> e fale com nossa equipe de especialistas.<\/p>\n","protected":false},"excerpt":{"rendered":"<p>A san\u00e7\u00e3o da Lei Federal n\u00ba 15.432\/2026, que institui o Marco Legal do Transporte P\u00fablico Coletivo Urbano, representa um divisor de \u00e1guas na forma como os munic\u00edpios brasileiros planejam, financiam e regulam a mobilidade urbana. Pela primeira vez, o setor passa a contar com regras claras e estabilidade jur\u00eddica para atrair investimentos privados, al\u00e9m de &#8230; <a title=\"Marco Legal do Transporte P\u00fablico Coletivo: a nova base jur\u00eddica para a moderniza\u00e7\u00e3o\" class=\"read-more\" href=\"https:\/\/blog.brightcities.city\/pt-br\/marco-legal-do-transporte-publico-coletivo-a-nova-base-juridica-para-a-modernizacao\/\" aria-label=\"Read more about Marco Legal do Transporte P\u00fablico Coletivo: a nova base jur\u00eddica para a moderniza\u00e7\u00e3o\">Ler mais<\/a><\/p>\n","protected":false},"author":5,"featured_media":12013,"comment_status":"closed","ping_status":"closed","sticky":true,"template":"","format":"standard","meta":{"_jetpack_memberships_contains_paid_content":false,"footnotes":""},"categories":[30],"tags":[],"class_list":["post-12008","post","type-post","status-publish","format-standard","has-post-thumbnail","hentry","category-eventos"],"yoast_head":"<!-- This site is optimized with the Yoast SEO plugin v26.1.1 - https:\/\/yoast.com\/wordpress\/plugins\/seo\/ -->\n<title>Marco Legal do Transporte P\u00fablico Coletivo: a nova base jur\u00eddica para a moderniza\u00e7\u00e3o - Blog Bright Cities<\/title>\n<meta name=\"robots\" content=\"index, follow, max-snippet:-1, max-image-preview:large, max-video-preview:-1\" \/>\n<link rel=\"canonical\" href=\"https:\/\/blog.brightcities.city\/pt-br\/marco-legal-do-transporte-publico-coletivo-a-nova-base-juridica-para-a-modernizacao\/\" \/>\n<meta property=\"og:locale\" content=\"pt_BR\" \/>\n<meta property=\"og:type\" content=\"article\" \/>\n<meta property=\"og:title\" content=\"Marco Legal do Transporte P\u00fablico Coletivo: a nova base jur\u00eddica para a moderniza\u00e7\u00e3o - Blog Bright Cities\" \/>\n<meta property=\"og:description\" content=\"A san\u00e7\u00e3o da Lei Federal n\u00ba 15.432\/2026, que institui o Marco Legal do Transporte P\u00fablico Coletivo Urbano, representa um divisor de \u00e1guas na forma como os munic\u00edpios brasileiros planejam, financiam e regulam a mobilidade urbana. Pela primeira vez, o setor passa a contar com regras claras e estabilidade jur\u00eddica para atrair investimentos privados, al\u00e9m de ... Ler mais\" \/>\n<meta property=\"og:url\" content=\"https:\/\/blog.brightcities.city\/pt-br\/marco-legal-do-transporte-publico-coletivo-a-nova-base-juridica-para-a-modernizacao\/\" \/>\n<meta property=\"og:site_name\" content=\"Blog Bright Cities\" \/>\n<meta property=\"article:published_time\" content=\"2026-08-25T18:02:14+00:00\" \/>\n<meta property=\"article:modified_time\" content=\"2026-08-25T18:02:16+00:00\" \/>\n<meta property=\"og:image\" content=\"https:\/\/blog.brightcities.city\/wp-content\/uploads\/2026\/08\/Captura-de-Tela-298.png\" \/>\n\t<meta property=\"og:image:width\" content=\"805\" \/>\n\t<meta property=\"og:image:height\" content=\"596\" \/>\n\t<meta property=\"og:image:type\" content=\"image\/png\" \/>\n<meta name=\"author\" content=\"Bright Cities\" \/>\n<meta name=\"twitter:card\" content=\"summary_large_image\" \/>\n<meta name=\"twitter:label1\" content=\"Escrito por\" \/>\n\t<meta name=\"twitter:data1\" content=\"Bright Cities\" \/>\n\t<meta name=\"twitter:label2\" content=\"Est. tempo de leitura\" \/>\n\t<meta name=\"twitter:data2\" content=\"6 minutos\" \/>\n<script type=\"application\/ld+json\" class=\"yoast-schema-graph\">{\"@context\":\"https:\/\/schema.org\",\"@graph\":[{\"@type\":\"Article\",\"@id\":\"https:\/\/blog.brightcities.city\/pt-br\/marco-legal-do-transporte-publico-coletivo-a-nova-base-juridica-para-a-modernizacao\/#article\",\"isPartOf\":{\"@id\":\"https:\/\/blog.brightcities.city\/pt-br\/marco-legal-do-transporte-publico-coletivo-a-nova-base-juridica-para-a-modernizacao\/\"},\"author\":{\"name\":\"Bright Cities\",\"@id\":\"https:\/\/blog.brightcities.city\/#\/schema\/person\/64805926b16998b5b7618e4d9b6aa042\"},\"headline\":\"Marco Legal do Transporte P\u00fablico Coletivo: a nova base jur\u00eddica para a moderniza\u00e7\u00e3o\",\"datePublished\":\"2026-08-25T18:02:14+00:00\",\"dateModified\":\"2026-08-25T18:02:16+00:00\",\"mainEntityOfPage\":{\"@id\":\"https:\/\/blog.brightcities.city\/pt-br\/marco-legal-do-transporte-publico-coletivo-a-nova-base-juridica-para-a-modernizacao\/\"},\"wordCount\":1220,\"publisher\":{\"@id\":\"https:\/\/blog.brightcities.city\/#organization\"},\"image\":{\"@id\":\"https:\/\/blog.brightcities.city\/pt-br\/marco-legal-do-transporte-publico-coletivo-a-nova-base-juridica-para-a-modernizacao\/#primaryimage\"},\"thumbnailUrl\":\"https:\/\/i0.wp.com\/blog.brightcities.city\/wp-content\/uploads\/2026\/08\/Captura-de-Tela-298.png?fit=805%2C596&ssl=1\",\"articleSection\":[\"Eventos\"],\"inLanguage\":\"pt-BR\"},{\"@type\":\"WebPage\",\"@id\":\"https:\/\/blog.brightcities.city\/pt-br\/marco-legal-do-transporte-publico-coletivo-a-nova-base-juridica-para-a-modernizacao\/\",\"url\":\"https:\/\/blog.brightcities.city\/pt-br\/marco-legal-do-transporte-publico-coletivo-a-nova-base-juridica-para-a-modernizacao\/\",\"name\":\"Marco Legal do Transporte P\u00fablico Coletivo: a nova base jur\u00eddica para a moderniza\u00e7\u00e3o - Blog Bright Cities\",\"isPartOf\":{\"@id\":\"https:\/\/blog.brightcities.city\/#website\"},\"primaryImageOfPage\":{\"@id\":\"https:\/\/blog.brightcities.city\/pt-br\/marco-legal-do-transporte-publico-coletivo-a-nova-base-juridica-para-a-modernizacao\/#primaryimage\"},\"image\":{\"@id\":\"https:\/\/blog.brightcities.city\/pt-br\/marco-legal-do-transporte-publico-coletivo-a-nova-base-juridica-para-a-modernizacao\/#primaryimage\"},\"thumbnailUrl\":\"https:\/\/i0.wp.com\/blog.brightcities.city\/wp-content\/uploads\/2026\/08\/Captura-de-Tela-298.png?fit=805%2C596&ssl=1\",\"datePublished\":\"2026-08-25T18:02:14+00:00\",\"dateModified\":\"2026-08-25T18:02:16+00:00\",\"breadcrumb\":{\"@id\":\"https:\/\/blog.brightcities.city\/pt-br\/marco-legal-do-transporte-publico-coletivo-a-nova-base-juridica-para-a-modernizacao\/#breadcrumb\"},\"inLanguage\":\"pt-BR\",\"potentialAction\":[{\"@type\":\"ReadAction\",\"target\":[\"https:\/\/blog.brightcities.city\/pt-br\/marco-legal-do-transporte-publico-coletivo-a-nova-base-juridica-para-a-modernizacao\/\"]}]},{\"@type\":\"ImageObject\",\"inLanguage\":\"pt-BR\",\"@id\":\"https:\/\/blog.brightcities.city\/pt-br\/marco-legal-do-transporte-publico-coletivo-a-nova-base-juridica-para-a-modernizacao\/#primaryimage\",\"url\":\"https:\/\/i0.wp.com\/blog.brightcities.city\/wp-content\/uploads\/2026\/08\/Captura-de-Tela-298.png?fit=805%2C596&ssl=1\",\"contentUrl\":\"https:\/\/i0.wp.com\/blog.brightcities.city\/wp-content\/uploads\/2026\/08\/Captura-de-Tela-298.png?fit=805%2C596&ssl=1\",\"width\":805,\"height\":596},{\"@type\":\"BreadcrumbList\",\"@id\":\"https:\/\/blog.brightcities.city\/pt-br\/marco-legal-do-transporte-publico-coletivo-a-nova-base-juridica-para-a-modernizacao\/#breadcrumb\",\"itemListElement\":[{\"@type\":\"ListItem\",\"position\":1,\"name\":\"Eventos\",\"item\":\"https:\/\/blog.brightcities.city\/pt-br\/category\/eventos\/\"},{\"@type\":\"ListItem\",\"position\":2,\"name\":\"Marco Legal do Transporte P\u00fablico Coletivo: a nova base jur\u00eddica para a moderniza\u00e7\u00e3o\"}]},{\"@type\":\"WebSite\",\"@id\":\"https:\/\/blog.brightcities.city\/#website\",\"url\":\"https:\/\/blog.brightcities.city\/\",\"name\":\"Blog Bright Cities\",\"description\":\"\",\"publisher\":{\"@id\":\"https:\/\/blog.brightcities.city\/#organization\"},\"potentialAction\":[{\"@type\":\"SearchAction\",\"target\":{\"@type\":\"EntryPoint\",\"urlTemplate\":\"https:\/\/blog.brightcities.city\/?s={search_term_string}\"},\"query-input\":{\"@type\":\"PropertyValueSpecification\",\"valueRequired\":true,\"valueName\":\"search_term_string\"}}],\"inLanguage\":\"pt-BR\"},{\"@type\":\"Organization\",\"@id\":\"https:\/\/blog.brightcities.city\/#organization\",\"name\":\"Blog Bright Cities\",\"url\":\"https:\/\/blog.brightcities.city\/\",\"logo\":{\"@type\":\"ImageObject\",\"inLanguage\":\"pt-BR\",\"@id\":\"https:\/\/blog.brightcities.city\/#\/schema\/logo\/image\/\",\"url\":\"https:\/\/i0.wp.com\/blog.brightcities.city\/wp-content\/uploads\/2019\/10\/logotipo-brightcities.png?fit=560%2C104&ssl=1\",\"contentUrl\":\"https:\/\/i0.wp.com\/blog.brightcities.city\/wp-content\/uploads\/2019\/10\/logotipo-brightcities.png?fit=560%2C104&ssl=1\",\"width\":560,\"height\":104,\"caption\":\"Blog Bright Cities\"},\"image\":{\"@id\":\"https:\/\/blog.brightcities.city\/#\/schema\/logo\/image\/\"}},{\"@type\":\"Person\",\"@id\":\"https:\/\/blog.brightcities.city\/#\/schema\/person\/64805926b16998b5b7618e4d9b6aa042\",\"name\":\"Bright Cities\",\"image\":{\"@type\":\"ImageObject\",\"inLanguage\":\"pt-BR\",\"@id\":\"https:\/\/blog.brightcities.city\/#\/schema\/person\/image\/\",\"url\":\"https:\/\/secure.gravatar.com\/avatar\/b9b7649a4a8cf6ea8fb4d42664408fca2015748fbeff790bd6fc089f78e89ef3?s=96&d=mm&r=g\",\"contentUrl\":\"https:\/\/secure.gravatar.com\/avatar\/b9b7649a4a8cf6ea8fb4d42664408fca2015748fbeff790bd6fc089f78e89ef3?s=96&d=mm&r=g\",\"caption\":\"Bright Cities\"},\"url\":\"https:\/\/blog.brightcities.city\/pt-br\/author\/brightcities\/\"}]}<\/script>\n<!-- \/ Yoast SEO plugin. -->","yoast_head_json":{"title":"Marco Legal do Transporte P\u00fablico Coletivo: a nova base jur\u00eddica para a moderniza\u00e7\u00e3o - Blog Bright Cities","robots":{"index":"index","follow":"follow","max-snippet":"max-snippet:-1","max-image-preview":"max-image-preview:large","max-video-preview":"max-video-preview:-1"},"canonical":"https:\/\/blog.brightcities.city\/pt-br\/marco-legal-do-transporte-publico-coletivo-a-nova-base-juridica-para-a-modernizacao\/","og_locale":"pt_BR","og_type":"article","og_title":"Marco Legal do Transporte P\u00fablico Coletivo: a nova base jur\u00eddica para a moderniza\u00e7\u00e3o - Blog Bright Cities","og_description":"A san\u00e7\u00e3o da Lei Federal n\u00ba 15.432\/2026, que institui o Marco Legal do Transporte P\u00fablico Coletivo Urbano, representa um divisor de \u00e1guas na forma como os munic\u00edpios brasileiros planejam, financiam e regulam a mobilidade urbana. Pela primeira vez, o setor passa a contar com regras claras e estabilidade jur\u00eddica para atrair investimentos privados, al\u00e9m de ... Ler mais","og_url":"https:\/\/blog.brightcities.city\/pt-br\/marco-legal-do-transporte-publico-coletivo-a-nova-base-juridica-para-a-modernizacao\/","og_site_name":"Blog Bright Cities","article_published_time":"2026-08-25T18:02:14+00:00","article_modified_time":"2026-08-25T18:02:16+00:00","og_image":[{"width":805,"height":596,"url":"https:\/\/blog.brightcities.city\/wp-content\/uploads\/2026\/08\/Captura-de-Tela-298.png","type":"image\/png"}],"author":"Bright Cities","twitter_card":"summary_large_image","twitter_misc":{"Escrito por":"Bright Cities","Est. tempo de leitura":"6 minutos"},"schema":{"@context":"https:\/\/schema.org","@graph":[{"@type":"Article","@id":"https:\/\/blog.brightcities.city\/pt-br\/marco-legal-do-transporte-publico-coletivo-a-nova-base-juridica-para-a-modernizacao\/#article","isPartOf":{"@id":"https:\/\/blog.brightcities.city\/pt-br\/marco-legal-do-transporte-publico-coletivo-a-nova-base-juridica-para-a-modernizacao\/"},"author":{"name":"Bright Cities","@id":"https:\/\/blog.brightcities.city\/#\/schema\/person\/64805926b16998b5b7618e4d9b6aa042"},"headline":"Marco Legal do Transporte P\u00fablico Coletivo: a nova base jur\u00eddica para a moderniza\u00e7\u00e3o","datePublished":"2026-08-25T18:02:14+00:00","dateModified":"2026-08-25T18:02:16+00:00","mainEntityOfPage":{"@id":"https:\/\/blog.brightcities.city\/pt-br\/marco-legal-do-transporte-publico-coletivo-a-nova-base-juridica-para-a-modernizacao\/"},"wordCount":1220,"publisher":{"@id":"https:\/\/blog.brightcities.city\/#organization"},"image":{"@id":"https:\/\/blog.brightcities.city\/pt-br\/marco-legal-do-transporte-publico-coletivo-a-nova-base-juridica-para-a-modernizacao\/#primaryimage"},"thumbnailUrl":"https:\/\/i0.wp.com\/blog.brightcities.city\/wp-content\/uploads\/2026\/08\/Captura-de-Tela-298.png?fit=805%2C596&ssl=1","articleSection":["Eventos"],"inLanguage":"pt-BR"},{"@type":"WebPage","@id":"https:\/\/blog.brightcities.city\/pt-br\/marco-legal-do-transporte-publico-coletivo-a-nova-base-juridica-para-a-modernizacao\/","url":"https:\/\/blog.brightcities.city\/pt-br\/marco-legal-do-transporte-publico-coletivo-a-nova-base-juridica-para-a-modernizacao\/","name":"Marco Legal do Transporte P\u00fablico Coletivo: a nova base jur\u00eddica para a moderniza\u00e7\u00e3o - Blog Bright Cities","isPartOf":{"@id":"https:\/\/blog.brightcities.city\/#website"},"primaryImageOfPage":{"@id":"https:\/\/blog.brightcities.city\/pt-br\/marco-legal-do-transporte-publico-coletivo-a-nova-base-juridica-para-a-modernizacao\/#primaryimage"},"image":{"@id":"https:\/\/blog.brightcities.city\/pt-br\/marco-legal-do-transporte-publico-coletivo-a-nova-base-juridica-para-a-modernizacao\/#primaryimage"},"thumbnailUrl":"https:\/\/i0.wp.com\/blog.brightcities.city\/wp-content\/uploads\/2026\/08\/Captura-de-Tela-298.png?fit=805%2C596&ssl=1","datePublished":"2026-08-25T18:02:14+00:00","dateModified":"2026-08-25T18:02:16+00:00","breadcrumb":{"@id":"https:\/\/blog.brightcities.city\/pt-br\/marco-legal-do-transporte-publico-coletivo-a-nova-base-juridica-para-a-modernizacao\/#breadcrumb"},"inLanguage":"pt-BR","potentialAction":[{"@type":"ReadAction","target":["https:\/\/blog.brightcities.city\/pt-br\/marco-legal-do-transporte-publico-coletivo-a-nova-base-juridica-para-a-modernizacao\/"]}]},{"@type":"ImageObject","inLanguage":"pt-BR","@id":"https:\/\/blog.brightcities.city\/pt-br\/marco-legal-do-transporte-publico-coletivo-a-nova-base-juridica-para-a-modernizacao\/#primaryimage","url":"https:\/\/i0.wp.com\/blog.brightcities.city\/wp-content\/uploads\/2026\/08\/Captura-de-Tela-298.png?fit=805%2C596&ssl=1","contentUrl":"https:\/\/i0.wp.com\/blog.brightcities.city\/wp-content\/uploads\/2026\/08\/Captura-de-Tela-298.png?fit=805%2C596&ssl=1","width":805,"height":596},{"@type":"BreadcrumbList","@id":"https:\/\/blog.brightcities.city\/pt-br\/marco-legal-do-transporte-publico-coletivo-a-nova-base-juridica-para-a-modernizacao\/#breadcrumb","itemListElement":[{"@type":"ListItem","position":1,"name":"Eventos","item":"https:\/\/blog.brightcities.city\/pt-br\/category\/eventos\/"},{"@type":"ListItem","position":2,"name":"Marco Legal do Transporte P\u00fablico Coletivo: a nova base jur\u00eddica para a moderniza\u00e7\u00e3o"}]},{"@type":"WebSite","@id":"https:\/\/blog.brightcities.city\/#website","url":"https:\/\/blog.brightcities.city\/","name":"Blog Bright Cities","description":"","publisher":{"@id":"https:\/\/blog.brightcities.city\/#organization"},"potentialAction":[{"@type":"SearchAction","target":{"@type":"EntryPoint","urlTemplate":"https:\/\/blog.brightcities.city\/?s={search_term_string}"},"query-input":{"@type":"PropertyValueSpecification","valueRequired":true,"valueName":"search_term_string"}}],"inLanguage":"pt-BR"},{"@type":"Organization","@id":"https:\/\/blog.brightcities.city\/#organization","name":"Blog Bright Cities","url":"https:\/\/blog.brightcities.city\/","logo":{"@type":"ImageObject","inLanguage":"pt-BR","@id":"https:\/\/blog.brightcities.city\/#\/schema\/logo\/image\/","url":"https:\/\/i0.wp.com\/blog.brightcities.city\/wp-content\/uploads\/2019\/10\/logotipo-brightcities.png?fit=560%2C104&ssl=1","contentUrl":"https:\/\/i0.wp.com\/blog.brightcities.city\/wp-content\/uploads\/2019\/10\/logotipo-brightcities.png?fit=560%2C104&ssl=1","width":560,"height":104,"caption":"Blog Bright Cities"},"image":{"@id":"https:\/\/blog.brightcities.city\/#\/schema\/logo\/image\/"}},{"@type":"Person","@id":"https:\/\/blog.brightcities.city\/#\/schema\/person\/64805926b16998b5b7618e4d9b6aa042","name":"Bright Cities","image":{"@type":"ImageObject","inLanguage":"pt-BR","@id":"https:\/\/blog.brightcities.city\/#\/schema\/person\/image\/","url":"https:\/\/secure.gravatar.com\/avatar\/b9b7649a4a8cf6ea8fb4d42664408fca2015748fbeff790bd6fc089f78e89ef3?s=96&d=mm&r=g","contentUrl":"https:\/\/secure.gravatar.com\/avatar\/b9b7649a4a8cf6ea8fb4d42664408fca2015748fbeff790bd6fc089f78e89ef3?s=96&d=mm&r=g","caption":"Bright Cities"},"url":"https:\/\/blog.brightcities.city\/pt-br\/author\/brightcities\/"}]}},"jetpack_featured_media_url":"https:\/\/i0.wp.com\/blog.brightcities.city\/wp-content\/uploads\/2026\/08\/Captura-de-Tela-298.png?fit=805%2C596&ssl=1","jetpack_sharing_enabled":true,"_links":{"self":[{"href":"https:\/\/blog.brightcities.city\/pt-br\/wp-json\/wp\/v2\/posts\/12008","targetHints":{"allow":["GET"]}}],"collection":[{"href":"https:\/\/blog.brightcities.city\/pt-br\/wp-json\/wp\/v2\/posts"}],"about":[{"href":"https:\/\/blog.brightcities.city\/pt-br\/wp-json\/wp\/v2\/types\/post"}],"author":[{"embeddable":true,"href":"https:\/\/blog.brightcities.city\/pt-br\/wp-json\/wp\/v2\/users\/5"}],"replies":[{"embeddable":true,"href":"https:\/\/blog.brightcities.city\/pt-br\/wp-json\/wp\/v2\/comments?post=12008"}],"version-history":[{"count":1,"href":"https:\/\/blog.brightcities.city\/pt-br\/wp-json\/wp\/v2\/posts\/12008\/revisions"}],"predecessor-version":[{"id":12015,"href":"https:\/\/blog.brightcities.city\/pt-br\/wp-json\/wp\/v2\/posts\/12008\/revisions\/12015"}],"wp:featuredmedia":[{"embeddable":true,"href":"https:\/\/blog.brightcities.city\/pt-br\/wp-json\/wp\/v2\/media\/12013"}],"wp:attachment":[{"href":"https:\/\/blog.brightcities.city\/pt-br\/wp-json\/wp\/v2\/media?parent=12008"}],"wp:term":[{"taxonomy":"category","embeddable":true,"href":"https:\/\/blog.brightcities.city\/pt-br\/wp-json\/wp\/v2\/categories?post=12008"},{"taxonomy":"post_tag","embeddable":true,"href":"https:\/\/blog.brightcities.city\/pt-br\/wp-json\/wp\/v2\/tags?post=12008"}],"curies":[{"name":"wp","href":"https:\/\/api.w.org\/{rel}","templated":true}]}}